{"id":19134,"date":"2021-06-23T23:43:49","date_gmt":"2021-06-24T02:43:49","guid":{"rendered":"https:\/\/cejamericas.org\/?p=6115"},"modified":"2025-12-05T16:51:17","modified_gmt":"2025-12-05T16:51:17","slug":"trial-by-jury-and-strengthening-democracy","status":"publish","type":"post","link":"https:\/\/cejamericas.org\/en\/2021\/06\/23\/trial-by-jury-and-strengthening-democracy\/","title":{"rendered":"Trial by jury and strengthening democracy"},"content":{"rendered":"\n<figure class=\"wp-block-image size-large\"><img decoding=\"async\" src=\"https:\/\/cejamericas.org\/wp-content\/uploads\/2021\/06\/Foto_ColumnaOpinion_MFandino-1.png\" alt=\"\" class=\"wp-image-6116\"\/><figcaption><strong>Director of Research and Projects of the Justice Studies Center of the Americas (JSCA), Marco Fandi\u00f1o<\/strong><\/figcaption><\/figure>\n\n\n\n<p>The <strong>Director of Research and Projects of the Justice Studies Center of the Americas (JSCA), Marco Fandi\u00f1o, <\/strong>discussed some of the misconceptions about trial by jury that have circulated in the region over the years in a column published in <a href=\"https:\/\/www.latercera.com\/\" target=\"_blank\" rel=\"noreferrer noopener\">La Tercera<\/a>.<\/p>\n\n\n\n<p><strong>Fandi\u00f1o<\/strong> stated, \u201cLatin American juries have a unique history that is related to the processes of independence and decolonization.\u201d<\/p>\n\n\n\n<blockquote class=\"wp-block-quote is-layout-flow wp-block-quote-is-layout-flow\"><p>He added, \u201cThe evidence shows that there is no major difference between the decisions made by juries and those reached by professional judges.\u201d<\/p><\/blockquote>\n\n\n\n<p>\u201cTrial by jury is the final escape valve in cases of abusive criminal prosecution. It is a right of the accused, not an obligation,\u201d he noted.<\/p>\n\n\n\n<p>Read the full column <a href=\"https:\/\/www.latercera.com\/opinion\/noticia\/juicio-por-jurados-y-profundizacion-democratica\/V3RWAAFYQZBNLAZNREM23KDQ6U\/\">here<\/a>. &nbsp;<\/p>\n","protected":false},"excerpt":{"rendered":"<p>The Director of Research and Projects of the Justice Studies Center of the Americas (JSCA), Marco Fandi\u00f1o, discussed some of the misconceptions about trial by jury that have circulated in the region over the years in a column published in La Tercera. Fandi\u00f1o stated, \u201cLatin American juries have a unique history that is related to &#8230; <a title=\"Trial by jury and strengthening democracy\" class=\"read-more\" href=\"https:\/\/cejamericas.org\/en\/2021\/06\/23\/trial-by-jury-and-strengthening-democracy\/\" aria-label=\"Read more about Trial by jury and strengthening democracy\">Read more<\/a><\/p>\n","protected":false},"author":6,"featured_media":19377,"comment_status":"closed","ping_status":"closed","sticky":false,"template":"","format":"standard","meta":{"_acf_changed":false,"footnotes":""},"categories":[34],"tags":[],"class_list":["post-19134","post","type-post","status-publish","format-standard","has-post-thumbnail","hentry","category-training"],"acf":[],"yoast_head":"<!-- This site is optimized with the Yoast SEO plugin v26.6 - https:\/\/yoast.com\/wordpress\/plugins\/seo\/ -->\n<title>Juicio por Jurados y profundizaci\u00f3n democr\u00e1tica<\/title>\n<meta name=\"description\" content=\"El director de Estudios y Proyectos de CEJA, Marco Fandi\u00f1o, revel\u00f3 las err\u00f3neas conjeturas que se han establecido en el juicio por jurados.\" \/>\n<meta name=\"robots\" content=\"index, follow, max-snippet:-1, max-image-preview:large, max-video-preview:-1\" \/>\n<link rel=\"canonical\" href=\"https:\/\/cejamericas.org\/en\/2021\/06\/23\/trial-by-jury-and-strengthening-democracy\/\" \/>\n<meta property=\"og:locale\" content=\"en_US\" \/>\n<meta property=\"og:type\" content=\"article\" \/>\n<meta property=\"og:title\" content=\"Juicio por Jurados y profundizaci\u00f3n democr\u00e1tica\" \/>\n<meta property=\"og:description\" content=\"El director de Estudios y Proyectos de CEJA, Marco Fandi\u00f1o, revel\u00f3 las err\u00f3neas conjeturas que se han establecido en el juicio por jurados.\" \/>\n<meta property=\"og:url\" content=\"https:\/\/cejamericas.org\/en\/2021\/06\/23\/trial-by-jury-and-strengthening-democracy\/\" \/>\n<meta property=\"og:site_name\" content=\"Cejamericas\" \/>\n<meta property=\"article:publisher\" content=\"https:\/\/www.facebook.com\/CEJAoficial\/\" \/>\n<meta property=\"article:published_time\" content=\"2021-06-24T02:43:49+00:00\" \/>\n<meta property=\"article:modified_time\" content=\"2025-12-05T16:51:17+00:00\" \/>\n<meta property=\"og:image\" content=\"https:\/\/cejamericas.org\/en\/wp-content\/uploads\/2025\/06\/ima-temp2.jpg\" \/>\n\t<meta property=\"og:image:width\" content=\"360\" \/>\n\t<meta property=\"og:image:height\" content=\"240\" \/>\n\t<meta property=\"og:image:type\" content=\"image\/jpeg\" \/>\n<meta name=\"author\" content=\"Press JSCA\" \/>\n<meta name=\"twitter:card\" content=\"summary_large_image\" \/>\n<meta name=\"twitter:creator\" content=\"@CEJAoficial\" \/>\n<meta name=\"twitter:site\" content=\"@CEJAoficial\" \/>\n<meta name=\"twitter:label1\" content=\"Written by\" \/>\n\t<meta name=\"twitter:data1\" content=\"Press JSCA\" \/>\n\t<meta name=\"twitter:label2\" content=\"Est. reading time\" \/>\n\t<meta name=\"twitter:data2\" content=\"1 minute\" \/>\n<script type=\"application\/ld+json\" class=\"yoast-schema-graph\">{\"@context\":\"https:\/\/schema.org\",\"@graph\":[{\"@type\":\"Article\",\"@id\":\"https:\/\/cejamericas.org\/en\/2021\/06\/23\/trial-by-jury-and-strengthening-democracy\/#article\",\"isPartOf\":{\"@id\":\"https:\/\/cejamericas.org\/en\/2021\/06\/23\/trial-by-jury-and-strengthening-democracy\/\"},\"author\":{\"name\":\"Press JSCA\",\"@id\":\"https:\/\/cejamericas.org\/en\/#\/schema\/person\/ed8b91e03640c5e024921cd4fde767e8\"},\"headline\":\"Trial by jury and strengthening democracy\",\"datePublished\":\"2021-06-24T02:43:49+00:00\",\"dateModified\":\"2025-12-05T16:51:17+00:00\",\"mainEntityOfPage\":{\"@id\":\"https:\/\/cejamericas.org\/en\/2021\/06\/23\/trial-by-jury-and-strengthening-democracy\/\"},\"wordCount\":141,\"publisher\":{\"@id\":\"https:\/\/cejamericas.org\/en\/#organization\"},\"image\":{\"@id\":\"https:\/\/cejamericas.org\/en\/2021\/06\/23\/trial-by-jury-and-strengthening-democracy\/#primaryimage\"},\"thumbnailUrl\":\"https:\/\/cejamericas.org\/en\/wp-content\/uploads\/2025\/06\/ima-temp2.jpg\",\"articleSection\":[\"Training\"],\"inLanguage\":\"en-US\"},{\"@type\":\"WebPage\",\"@id\":\"https:\/\/cejamericas.org\/en\/2021\/06\/23\/trial-by-jury-and-strengthening-democracy\/\",\"url\":\"https:\/\/cejamericas.org\/en\/2021\/06\/23\/trial-by-jury-and-strengthening-democracy\/\",\"name\":\"Juicio por Jurados y profundizaci\u00f3n democr\u00e1tica\",\"isPartOf\":{\"@id\":\"https:\/\/cejamericas.org\/en\/#website\"},\"primaryImageOfPage\":{\"@id\":\"https:\/\/cejamericas.org\/en\/2021\/06\/23\/trial-by-jury-and-strengthening-democracy\/#primaryimage\"},\"image\":{\"@id\":\"https:\/\/cejamericas.org\/en\/2021\/06\/23\/trial-by-jury-and-strengthening-democracy\/#primaryimage\"},\"thumbnailUrl\":\"https:\/\/cejamericas.org\/en\/wp-content\/uploads\/2025\/06\/ima-temp2.jpg\",\"datePublished\":\"2021-06-24T02:43:49+00:00\",\"dateModified\":\"2025-12-05T16:51:17+00:00\",\"description\":\"El director de Estudios y Proyectos de CEJA, Marco Fandi\u00f1o, revel\u00f3 las err\u00f3neas conjeturas que se han establecido en el juicio por jurados.\",\"breadcrumb\":{\"@id\":\"https:\/\/cejamericas.org\/en\/2021\/06\/23\/trial-by-jury-and-strengthening-democracy\/#breadcrumb\"},\"inLanguage\":\"en-US\",\"potentialAction\":[{\"@type\":\"ReadAction\",\"target\":[\"https:\/\/cejamericas.org\/en\/2021\/06\/23\/trial-by-jury-and-strengthening-democracy\/\"]}]},{\"@type\":\"ImageObject\",\"inLanguage\":\"en-US\",\"@id\":\"https:\/\/cejamericas.org\/en\/2021\/06\/23\/trial-by-jury-and-strengthening-democracy\/#primaryimage\",\"url\":\"https:\/\/cejamericas.org\/en\/wp-content\/uploads\/2025\/06\/ima-temp2.jpg\",\"contentUrl\":\"https:\/\/cejamericas.org\/en\/wp-content\/uploads\/2025\/06\/ima-temp2.jpg\",\"width\":360,\"height\":240},{\"@type\":\"BreadcrumbList\",\"@id\":\"https:\/\/cejamericas.org\/en\/2021\/06\/23\/trial-by-jury-and-strengthening-democracy\/#breadcrumb\",\"itemListElement\":[{\"@type\":\"ListItem\",\"position\":1,\"name\":\"Home\",\"item\":\"https:\/\/cejamericas.org\/en\/\"},{\"@type\":\"ListItem\",\"position\":2,\"name\":\"Trial by jury and strengthening democracy\"}]},{\"@type\":\"WebSite\",\"@id\":\"https:\/\/cejamericas.org\/en\/#website\",\"url\":\"https:\/\/cejamericas.org\/en\/\",\"name\":\"Cejamericas\",\"description\":\"Justice Studies Center of the Americas\",\"publisher\":{\"@id\":\"https:\/\/cejamericas.org\/en\/#organization\"},\"potentialAction\":[{\"@type\":\"SearchAction\",\"target\":{\"@type\":\"EntryPoint\",\"urlTemplate\":\"https:\/\/cejamericas.org\/en\/?s={search_term_string}\"},\"query-input\":{\"@type\":\"PropertyValueSpecification\",\"valueRequired\":true,\"valueName\":\"search_term_string\"}}],\"inLanguage\":\"en-US\"},{\"@type\":\"Organization\",\"@id\":\"https:\/\/cejamericas.org\/en\/#organization\",\"name\":\"Cejamericas\",\"url\":\"https:\/\/cejamericas.org\/en\/\",\"logo\":{\"@type\":\"ImageObject\",\"inLanguage\":\"en-US\",\"@id\":\"https:\/\/cejamericas.org\/en\/#\/schema\/logo\/image\/\",\"url\":\"https:\/\/cejamericas.org\/wp-content\/uploads\/2025\/06\/logo-ceja-menu.png\",\"contentUrl\":\"https:\/\/cejamericas.org\/wp-content\/uploads\/2025\/06\/logo-ceja-menu.png\",\"width\":552,\"height\":214,\"caption\":\"Cejamericas\"},\"image\":{\"@id\":\"https:\/\/cejamericas.org\/en\/#\/schema\/logo\/image\/\"},\"sameAs\":[\"https:\/\/www.facebook.com\/CEJAoficial\/\",\"https:\/\/x.com\/CEJAoficial\"]},{\"@type\":\"Person\",\"@id\":\"https:\/\/cejamericas.org\/en\/#\/schema\/person\/ed8b91e03640c5e024921cd4fde767e8\",\"name\":\"Press JSCA\",\"image\":{\"@type\":\"ImageObject\",\"inLanguage\":\"en-US\",\"@id\":\"https:\/\/cejamericas.org\/en\/#\/schema\/person\/image\/\",\"url\":\"https:\/\/secure.gravatar.com\/avatar\/60d77d5c1ed903efedfc0f9b3825310f6c2041bf20e897a32655734c176e1028?s=96&d=mm&r=g\",\"contentUrl\":\"https:\/\/secure.gravatar.com\/avatar\/60d77d5c1ed903efedfc0f9b3825310f6c2041bf20e897a32655734c176e1028?s=96&d=mm&r=g\",\"caption\":\"Press JSCA\"},\"url\":\"https:\/\/cejamericas.org\/en\/author\/press-jsca\/\"}]}<\/script>\n<!-- \/ Yoast SEO plugin. -->","yoast_head_json":{"title":"Juicio por Jurados y profundizaci\u00f3n democr\u00e1tica","description":"El director de Estudios y Proyectos de CEJA, Marco Fandi\u00f1o, revel\u00f3 las err\u00f3neas conjeturas que se han establecido en el juicio por jurados.","robots":{"index":"index","follow":"follow","max-snippet":"max-snippet:-1","max-image-preview":"max-image-preview:large","max-video-preview":"max-video-preview:-1"},"canonical":"https:\/\/cejamericas.org\/en\/2021\/06\/23\/trial-by-jury-and-strengthening-democracy\/","og_locale":"en_US","og_type":"article","og_title":"Juicio por Jurados y profundizaci\u00f3n democr\u00e1tica","og_description":"El director de Estudios y Proyectos de CEJA, Marco Fandi\u00f1o, revel\u00f3 las err\u00f3neas conjeturas que se han establecido en el juicio por jurados.","og_url":"https:\/\/cejamericas.org\/en\/2021\/06\/23\/trial-by-jury-and-strengthening-democracy\/","og_site_name":"Cejamericas","article_publisher":"https:\/\/www.facebook.com\/CEJAoficial\/","article_published_time":"2021-06-24T02:43:49+00:00","article_modified_time":"2025-12-05T16:51:17+00:00","og_image":[{"width":360,"height":240,"url":"https:\/\/cejamericas.org\/en\/wp-content\/uploads\/2025\/06\/ima-temp2.jpg","type":"image\/jpeg"}],"author":"Press JSCA","twitter_card":"summary_large_image","twitter_creator":"@CEJAoficial","twitter_site":"@CEJAoficial","twitter_misc":{"Written by":"Press JSCA","Est. reading time":"1 minute"},"schema":{"@context":"https:\/\/schema.org","@graph":[{"@type":"Article","@id":"https:\/\/cejamericas.org\/en\/2021\/06\/23\/trial-by-jury-and-strengthening-democracy\/#article","isPartOf":{"@id":"https:\/\/cejamericas.org\/en\/2021\/06\/23\/trial-by-jury-and-strengthening-democracy\/"},"author":{"name":"Press JSCA","@id":"https:\/\/cejamericas.org\/en\/#\/schema\/person\/ed8b91e03640c5e024921cd4fde767e8"},"headline":"Trial by jury and strengthening democracy","datePublished":"2021-06-24T02:43:49+00:00","dateModified":"2025-12-05T16:51:17+00:00","mainEntityOfPage":{"@id":"https:\/\/cejamericas.org\/en\/2021\/06\/23\/trial-by-jury-and-strengthening-democracy\/"},"wordCount":141,"publisher":{"@id":"https:\/\/cejamericas.org\/en\/#organization"},"image":{"@id":"https:\/\/cejamericas.org\/en\/2021\/06\/23\/trial-by-jury-and-strengthening-democracy\/#primaryimage"},"thumbnailUrl":"https:\/\/cejamericas.org\/en\/wp-content\/uploads\/2025\/06\/ima-temp2.jpg","articleSection":["Training"],"inLanguage":"en-US"},{"@type":"WebPage","@id":"https:\/\/cejamericas.org\/en\/2021\/06\/23\/trial-by-jury-and-strengthening-democracy\/","url":"https:\/\/cejamericas.org\/en\/2021\/06\/23\/trial-by-jury-and-strengthening-democracy\/","name":"Juicio por Jurados y profundizaci\u00f3n democr\u00e1tica","isPartOf":{"@id":"https:\/\/cejamericas.org\/en\/#website"},"primaryImageOfPage":{"@id":"https:\/\/cejamericas.org\/en\/2021\/06\/23\/trial-by-jury-and-strengthening-democracy\/#primaryimage"},"image":{"@id":"https:\/\/cejamericas.org\/en\/2021\/06\/23\/trial-by-jury-and-strengthening-democracy\/#primaryimage"},"thumbnailUrl":"https:\/\/cejamericas.org\/en\/wp-content\/uploads\/2025\/06\/ima-temp2.jpg","datePublished":"2021-06-24T02:43:49+00:00","dateModified":"2025-12-05T16:51:17+00:00","description":"El director de Estudios y Proyectos de CEJA, Marco Fandi\u00f1o, revel\u00f3 las err\u00f3neas conjeturas que se han establecido en el juicio por jurados.","breadcrumb":{"@id":"https:\/\/cejamericas.org\/en\/2021\/06\/23\/trial-by-jury-and-strengthening-democracy\/#breadcrumb"},"inLanguage":"en-US","potentialAction":[{"@type":"ReadAction","target":["https:\/\/cejamericas.org\/en\/2021\/06\/23\/trial-by-jury-and-strengthening-democracy\/"]}]},{"@type":"ImageObject","inLanguage":"en-US","@id":"https:\/\/cejamericas.org\/en\/2021\/06\/23\/trial-by-jury-and-strengthening-democracy\/#primaryimage","url":"https:\/\/cejamericas.org\/en\/wp-content\/uploads\/2025\/06\/ima-temp2.jpg","contentUrl":"https:\/\/cejamericas.org\/en\/wp-content\/uploads\/2025\/06\/ima-temp2.jpg","width":360,"height":240},{"@type":"BreadcrumbList","@id":"https:\/\/cejamericas.org\/en\/2021\/06\/23\/trial-by-jury-and-strengthening-democracy\/#breadcrumb","itemListElement":[{"@type":"ListItem","position":1,"name":"Home","item":"https:\/\/cejamericas.org\/en\/"},{"@type":"ListItem","position":2,"name":"Trial by jury and strengthening democracy"}]},{"@type":"WebSite","@id":"https:\/\/cejamericas.org\/en\/#website","url":"https:\/\/cejamericas.org\/en\/","name":"Cejamericas","description":"Justice Studies Center of the Americas","publisher":{"@id":"https:\/\/cejamericas.org\/en\/#organization"},"potentialAction":[{"@type":"SearchAction","target":{"@type":"EntryPoint","urlTemplate":"https:\/\/cejamericas.org\/en\/?s={search_term_string}"},"query-input":{"@type":"PropertyValueSpecification","valueRequired":true,"valueName":"search_term_string"}}],"inLanguage":"en-US"},{"@type":"Organization","@id":"https:\/\/cejamericas.org\/en\/#organization","name":"Cejamericas","url":"https:\/\/cejamericas.org\/en\/","logo":{"@type":"ImageObject","inLanguage":"en-US","@id":"https:\/\/cejamericas.org\/en\/#\/schema\/logo\/image\/","url":"https:\/\/cejamericas.org\/wp-content\/uploads\/2025\/06\/logo-ceja-menu.png","contentUrl":"https:\/\/cejamericas.org\/wp-content\/uploads\/2025\/06\/logo-ceja-menu.png","width":552,"height":214,"caption":"Cejamericas"},"image":{"@id":"https:\/\/cejamericas.org\/en\/#\/schema\/logo\/image\/"},"sameAs":["https:\/\/www.facebook.com\/CEJAoficial\/","https:\/\/x.com\/CEJAoficial"]},{"@type":"Person","@id":"https:\/\/cejamericas.org\/en\/#\/schema\/person\/ed8b91e03640c5e024921cd4fde767e8","name":"Press JSCA","image":{"@type":"ImageObject","inLanguage":"en-US","@id":"https:\/\/cejamericas.org\/en\/#\/schema\/person\/image\/","url":"https:\/\/secure.gravatar.com\/avatar\/60d77d5c1ed903efedfc0f9b3825310f6c2041bf20e897a32655734c176e1028?s=96&d=mm&r=g","contentUrl":"https:\/\/secure.gravatar.com\/avatar\/60d77d5c1ed903efedfc0f9b3825310f6c2041bf20e897a32655734c176e1028?s=96&d=mm&r=g","caption":"Press JSCA"},"url":"https:\/\/cejamericas.org\/en\/author\/press-jsca\/"}]}},"_links":{"self":[{"href":"https:\/\/cejamericas.org\/en\/wp-json\/wp\/v2\/posts\/19134","targetHints":{"allow":["GET"]}}],"collection":[{"href":"https:\/\/cejamericas.org\/en\/wp-json\/wp\/v2\/posts"}],"about":[{"href":"https:\/\/cejamericas.org\/en\/wp-json\/wp\/v2\/types\/post"}],"author":[{"embeddable":true,"href":"https:\/\/cejamericas.org\/en\/wp-json\/wp\/v2\/users\/6"}],"replies":[{"embeddable":true,"href":"https:\/\/cejamericas.org\/en\/wp-json\/wp\/v2\/comments?post=19134"}],"version-history":[{"count":0,"href":"https:\/\/cejamericas.org\/en\/wp-json\/wp\/v2\/posts\/19134\/revisions"}],"wp:featuredmedia":[{"embeddable":true,"href":"https:\/\/cejamericas.org\/en\/wp-json\/wp\/v2\/media\/19377"}],"wp:attachment":[{"href":"https:\/\/cejamericas.org\/en\/wp-json\/wp\/v2\/media?parent=19134"}],"wp:term":[{"taxonomy":"category","embeddable":true,"href":"https:\/\/cejamericas.org\/en\/wp-json\/wp\/v2\/categories?post=19134"},{"taxonomy":"post_tag","embeddable":true,"href":"https:\/\/cejamericas.org\/en\/wp-json\/wp\/v2\/tags?post=19134"}],"curies":[{"name":"wp","href":"https:\/\/api.w.org\/{rel}","templated":true}]}}